{"id":12826,"date":"2023-03-01T10:15:02","date_gmt":"2023-03-01T10:15:02","guid":{"rendered":"https:\/\/yukatel.de\/?p=12826"},"modified":"2023-03-01T10:15:02","modified_gmt":"2023-03-01T10:15:02","slug":"yukatel-als-aussteller-auf-der-transport-logistic","status":"publish","type":"post","link":"https:\/\/yukatel.de\/en\/yukatel-als-aussteller-auf-der-transport-logistic\/","title":{"rendered":"Yukatel as an exhibitor at transport logistic"},"content":{"rendered":"\t\t<div data-elementor-type=\"wp-post\" data-elementor-id=\"12826\" class=\"elementor elementor-12826\" data-elementor-post-type=\"post\">\n\t\t\t\t\t\t<section class=\"elementor-section elementor-top-section elementor-element elementor-element-f1e5ae3 elementor-section-boxed elementor-section-height-default elementor-section-height-default\" data-id=\"f1e5ae3\" data-element_type=\"section\" data-e-type=\"section\">\n\t\t\t\t\t\t<div class=\"elementor-container elementor-column-gap-default\">\n\t\t\t\t\t<div class=\"elementor-column elementor-col-100 elementor-top-column elementor-element elementor-element-2aba35c\" data-id=\"2aba35c\" data-element_type=\"column\" data-e-type=\"column\">\n\t\t\t<div class=\"elementor-widget-wrap elementor-element-populated\">\n\t\t\t\t\t\t<div class=\"elementor-element elementor-element-2ae9b72 elementor-widget elementor-widget-video\" data-id=\"2ae9b72\" data-element_type=\"widget\" data-e-type=\"widget\" data-settings=\"{&quot;youtube_url&quot;:&quot;https:\\\/\\\/www.youtube.com\\\/watch?v=CtHsShz3Uj4&quot;,&quot;video_type&quot;:&quot;youtube&quot;,&quot;controls&quot;:&quot;yes&quot;}\" data-widget_type=\"video.default\">\n\t\t\t\t\t\t\t<div class=\"elementor-wrapper elementor-open-inline\">\n\t\t\t<div class=\"elementor-video\"> <div class=\"brlbs-cmpnt-container brlbs-cmpnt-content-blocker brlbs-cmpnt-with-individual-styles\" data-borlabs-cookie-content-blocker-id=\"youtube-content-blocker\" data-borlabs-cookie-content=\"PHNjcmlwdD4KKGZ1bmN0aW9uKCkgewogICAgbGV0IGQgPSBudWxsOwoKICAgIC8vIGlmIHdlIGFyZSBpbiBhIGxvb3AsIHdlIG5lZWQgdG8gc2VsZWN0IHRoZSBjb3JyZWN0IHZpZGVvIGVsZW1lbnQsIHNpbmNlIFdpZGdldCBJRCBvY2N1cnMgbXVsdGlwbGUgdGltZXMgb24gcGFnZQogICAgY29uc3QgZWxlbXNJbkxvb3AgPSBkb2N1bWVudC5xdWVyeVNlbGVjdG9yQWxsKCc6aXMoZGl2W2RhdGEtZWxlbWVudG9yLXR5cGU9Imxvb3AtaXRlbSJdLGRpdltkYXRhLWVsZW1lbnRvci10eXBlPSJqZXQtbGlzdGluZy1pdGVtcyJdLGRpdltkYXRhLXdpZGdldF90eXBlXj0icHJlbWl1bS1hZGRvbi10YWJzLiJdKSBkaXYuZWxlbWVudG9yLWVsZW1lbnQtMmFlOWI3MicpOwogICAgaWYgKGVsZW1zSW5Mb29wLmxlbmd0aCA9PT0gMSkgewogICAgICAgIGQgPSBlbGVtc0luTG9vcFswXTsKICAgIH0gZWxzZSBpZiAoZWxlbXNJbkxvb3AubGVuZ3RoID4gMSkgewogICAgICAgIGlmICh0eXBlb2YgZG9jdW1lbnQuY3VycmVudFNjcmlwdCA9PT0gJ3VuZGVmaW5lZCcgfHwgZG9jdW1lbnQuY3VycmVudFNjcmlwdCA9PSBudWxsKSB7CiAgICAgICAgICAgIHJldHVybjsKICAgICAgICB9CiAgICAgICAgY29uc3QgdG1wVmlkZW9XaWRnZXQgPSBkb2N1bWVudC5jdXJyZW50U2NyaXB0LmNsb3Nlc3QoJ1tkYXRhLXdpZGdldF90eXBlPSJicmxic192aWRlby5kZWZhdWx0Il0nKTsKICAgICAgICBpZiAodG1wVmlkZW9XaWRnZXQpIHsKICAgICAgICAgICAgZCA9IHRtcFZpZGVvV2lkZ2V0OwogICAgICAgIH0KICAgIH0KCiAgICBpZiAoZCA9PSBudWxsKSB7CiAgICAgICAgZCA9IGRvY3VtZW50LnF1ZXJ5U2VsZWN0b3IoJ2Rpdi5lbGVtZW50b3ItZWxlbWVudC0yYWU5YjcyJyk7CiAgICB9CgogICAgaWYgKGQgPT0gbnVsbCkgewogICAgICAgIHJldHVybjsKICAgIH0KICAgIGQuZGF0YXNldC53aWRnZXRfdHlwZSA9IGQuZGF0YXNldC53aWRnZXRfdHlwZS5yZXBsYWNlKCdicmxic18nLCAnJyk7CiAgICBkLmRhdGFzZXQuYnJsYnNVbmJsb2NrZWQgPSAndHJ1ZSc7CgogICAgY29uc3QgaW50ZXJ2YWwgPSBzZXRJbnRlcnZhbCgoKSA9PiB7CiAgICAgICAgaWYgKHR5cGVvZiBlbGVtZW50b3JGcm9udGVuZCAhPT0gJ3VuZGVmaW5lZCcgJiYgdHlwZW9mIGVsZW1lbnRvckZyb250ZW5kLmhvb2tzICE9PSAndW5kZWZpbmVkJykgewogICAgICAgICAgICBjbGVhckludGVydmFsKGludGVydmFsKTsKICAgICAgICAgICAgZWxlbWVudG9yRnJvbnRlbmQuaG9va3MuZG9BY3Rpb24oJ2Zyb250ZW5kL2VsZW1lbnRfcmVhZHkvdmlkZW8uZGVmYXVsdCcsIGpRdWVyeShkKSwgalF1ZXJ5KQogICAgICAgIH0KICAgIH0sIDMwKQp9KSgpOwo8L3NjcmlwdD4=\"><div class=\"brlbs-cmpnt-cb-preset-c brlbs-cmpnt-cb-youtube\"> <div class=\"brlbs-cmpnt-cb-thumbnail\" style=\"background-image: url('https:\/\/yukatel.de\/wp-content\/uploads\/borlabs-cookie\/1\/yt_CtHsShz3Uj4_hqdefault.jpg')\"><\/div> <div class=\"brlbs-cmpnt-cb-main\"> <div class=\"brlbs-cmpnt-cb-play-button\"><\/div> <div class=\"brlbs-cmpnt-cb-content\"> <p class=\"brlbs-cmpnt-cb-description\">You are currently viewing a placeholder content from <strong>YouTube<\/strong>. To access the actual content, click the button below. Please note that doing so will share data with third-party providers.<\/p> <a class=\"brlbs-cmpnt-cb-provider-toggle\" href=\"#\" data-borlabs-cookie-show-provider-information role=\"button\">More Information<\/a> <\/div> <div class=\"brlbs-cmpnt-cb-buttons\"> <a class=\"brlbs-cmpnt-cb-btn\" href=\"#\" data-borlabs-cookie-unblock role=\"button\">Unblock content<\/a> <a class=\"brlbs-cmpnt-cb-btn\" href=\"#\" data-borlabs-cookie-accept-service role=\"button\" style=\"display: inherit\">Accept required service and unblock content<\/a> <\/div> <\/div> <\/div><\/div><\/div>\t\t<\/div>\n\t\t\t\t\t\t<\/div>\n\t\t\t\t<div class=\"elementor-element elementor-element-5400484 elementor-widget elementor-widget-text-editor\" data-id=\"5400484\" data-element_type=\"widget\" data-e-type=\"widget\" data-widget_type=\"text-editor.default\">\n\t\t\t\t\t\t\t\t\t<p>transport logistic &#8211; Internationale Fachmesse f\u00fcr Mobilit\u00e4t, Logistik, IT und Supply Chain Management. Seit 1978 findet die Messe alle zwei Jahre statt. Austragungsort ist seitdem die Landeshauptstadt M\u00fcnchen. Die viert\u00e4gige Veranstaltung ist eine der gr\u00f6\u00dften Fachmessen der Logistikbranche. Als f\u00fchrende Plattform ist internationales Networking Teil der Messeagenda. Pr\u00e4sentiert werden die neuesten, innovativen Systeme und Produkte. Dar\u00fcber hinaus ist die Messe auch ein hervorragender Ort, um alte Bekannte aus der Branche zu treffen, neue Freundschaften zu schlie\u00dfen und Partner zu finden.<\/p>\t\t\t\t\t\t\t\t<\/div>\n\t\t\t\t<div class=\"elementor-element elementor-element-011f2af elementor-widget elementor-widget-spacer\" data-id=\"011f2af\" data-element_type=\"widget\" data-e-type=\"widget\" data-widget_type=\"spacer.default\">\n\t\t\t\t\t\t\t<div class=\"elementor-spacer\">\n\t\t\t<div class=\"elementor-spacer-inner\"><\/div>\n\t\t<\/div>\n\t\t\t\t\t\t<\/div>\n\t\t\t\t<div class=\"elementor-element elementor-element-4ca79be elementor-toc--minimized-on-tablet elementor-widget elementor-widget-table-of-contents\" data-id=\"4ca79be\" data-element_type=\"widget\" data-e-type=\"widget\" data-settings=\"{&quot;exclude_headings_by_selector&quot;:[],&quot;headings_by_tags&quot;:[&quot;h2&quot;,&quot;h3&quot;],&quot;marker_view&quot;:&quot;numbers&quot;,&quot;no_headings_message&quot;:&quot;No headings were found on this page.&quot;,&quot;minimize_box&quot;:&quot;yes&quot;,&quot;minimized_on&quot;:&quot;tablet&quot;,&quot;hierarchical_view&quot;:&quot;yes&quot;,&quot;min_height&quot;:{&quot;unit&quot;:&quot;px&quot;,&quot;size&quot;:&quot;&quot;,&quot;sizes&quot;:[]},&quot;min_height_tablet&quot;:{&quot;unit&quot;:&quot;px&quot;,&quot;size&quot;:&quot;&quot;,&quot;sizes&quot;:[]},&quot;min_height_mobile&quot;:{&quot;unit&quot;:&quot;px&quot;,&quot;size&quot;:&quot;&quot;,&quot;sizes&quot;:[]}}\" data-widget_type=\"table-of-contents.default\">\n\t\t\t\t\t\t\t\t\t<div class=\"elementor-toc__header\">\n\t\t\t\t\t\t<div class=\"elementor-toc__header-title\">\n\t\t\t\tInhaltsverzeichnis \t\t\t<\/div>\n\t\t\t\t\t\t\t\t\t\t<div class=\"elementor-toc__toggle-button elementor-toc__toggle-button--expand\" role=\"button\" tabindex=\"0\" aria-controls=\"elementor-toc__4ca79be\" aria-expanded=\"true\" aria-label=\"Open table of contents\"><svg aria-hidden=\"true\" class=\"e-font-icon-svg e-fas-chevron-down\" viewBox=\"0 0 448 512\" xmlns=\"http:\/\/www.w3.org\/2000\/svg\"><path d=\"M207.029 381.476L12.686 187.132c-9.373-9.373-9.373-24.569 0-33.941l22.667-22.667c9.357-9.357 24.522-9.375 33.901-.04L224 284.505l154.745-154.021c9.379-9.335 24.544-9.317 33.901.04l22.667 22.667c9.373 9.373 9.373 24.569 0 33.941L240.971 381.476c-9.373 9.372-24.569 9.372-33.942 0z\"><\/path><\/svg><\/div>\n\t\t\t\t<div class=\"elementor-toc__toggle-button elementor-toc__toggle-button--collapse\" role=\"button\" tabindex=\"0\" aria-controls=\"elementor-toc__4ca79be\" aria-expanded=\"true\" aria-label=\"Close table of contents\"><svg aria-hidden=\"true\" class=\"e-font-icon-svg e-fas-chevron-up\" viewBox=\"0 0 448 512\" xmlns=\"http:\/\/www.w3.org\/2000\/svg\"><path d=\"M240.971 130.524l194.343 194.343c9.373 9.373 9.373 24.569 0 33.941l-22.667 22.667c-9.357 9.357-24.522 9.375-33.901.04L224 227.495 69.255 381.516c-9.379 9.335-24.544 9.317-33.901-.04l-22.667-22.667c-9.373-9.373-9.373-24.569 0-33.941L207.03 130.525c9.372-9.373 24.568-9.373 33.941-.001z\"><\/path><\/svg><\/div>\n\t\t\t\t\t<\/div>\n\t\t\t\t<div id=\"elementor-toc__4ca79be\" class=\"elementor-toc__body\">\n\t\t\t<div class=\"elementor-toc__spinner-container\">\n\t\t\t\t<svg class=\"elementor-toc__spinner eicon-animation-spin e-font-icon-svg e-eicon-loading\" aria-hidden=\"true\" viewBox=\"0 0 1000 1000\" xmlns=\"http:\/\/www.w3.org\/2000\/svg\"><path d=\"M500 975V858C696 858 858 696 858 500S696 142 500 142 142 304 142 500H25C25 237 238 25 500 25S975 237 975 500 763 975 500 975Z\"><\/path><\/svg>\t\t\t<\/div>\n\t\t<\/div>\n\t\t\t\t\t\t<\/div>\n\t\t\t\t\t<\/div>\n\t\t<\/div>\n\t\t\t\t\t<\/div>\n\t\t<\/section>\n\t\t\t\t<section class=\"elementor-section elementor-top-section elementor-element elementor-element-51dddd3 elementor-section-boxed elementor-section-height-default elementor-section-height-default\" data-id=\"51dddd3\" data-element_type=\"section\" data-e-type=\"section\">\n\t\t\t\t\t\t<div class=\"elementor-container elementor-column-gap-default\">\n\t\t\t\t\t<div class=\"elementor-column elementor-col-100 elementor-top-column elementor-element elementor-element-1899737\" data-id=\"1899737\" data-element_type=\"column\" data-e-type=\"column\">\n\t\t\t<div class=\"elementor-widget-wrap elementor-element-populated\">\n\t\t\t\t\t\t<div class=\"elementor-element elementor-element-6bedf64 elementor-widget elementor-widget-heading\" data-id=\"6bedf64\" data-element_type=\"widget\" data-e-type=\"widget\" data-widget_type=\"heading.default\">\n\t\t\t\t\t<h2 class=\"elementor-heading-title elementor-size-default\">transport logistic 2023 \u2013 was Sie vom Branchentreff erwarten k\u00f6nnen <\/h2>\t\t\t\t<\/div>\n\t\t\t\t<div class=\"elementor-element elementor-element-0d1b19b elementor-widget elementor-widget-text-editor\" data-id=\"0d1b19b\" data-element_type=\"widget\" data-e-type=\"widget\" data-widget_type=\"text-editor.default\">\n\t\t\t\t\t\t\t\t\t<p>Die Yukatel GmbH ist ein Offenbacher Unternehmen, welches seit \u00fcber 28 Jahren im weltweiten Mobilfunk Gro\u00dfhandel zu Hause ist. Auf der transport logistic soll dieses Jahr der digitale Sektor des Unternehmens, Yuka.digital weiter in den Fokus ger\u00fcckt werden. Es werden eigenentwickelte Brands mit vielen smarten und innovativen Produkten und L\u00f6sungen vorgestellt. Die Brands routecontrol, YUKAtrack, M2M Allnet und M2M Unity sind in den letzten Jahren immer weitergewachsen und wurden mit dem Einzug neuer Technologien stetig weiterentwickelt.<\/p><p>Besuchen Sie uns in <strong>Halle A3<\/strong> an unserem <strong>Stand 432\/532<\/strong> \u2013 gerne bringen wir Ihnen das Thema Digitalisierung n\u00e4her und zeigen Ihnen die Vorteile auf, die f\u00fcr Sie und Ihr Unternehmen relevant sind.<\/p><p>Was k\u00f6nnen Aussteller und Besucher von der transport logistic 2023 erwarten? Nach zweij\u00e4hriger Pause sind es nun nur noch rund vier Monate, bis die Messe wieder ihre Tore f\u00fcr Aussteller und Besucher \u00f6ffnet. Zum jetzigen Zeitpunkt ziehen die Veranstalter eine sehr positive Zwischenbilanz \u2013 wieder mit zehn Hallen und einer Ausstellungsfl\u00e4che von rund 120.000 Quadratmetern gerechnet. (Hallen B1-B6, A3-A6) Dar\u00fcber hinaus entschieden sich einige Aussteller f\u00fcr die Ausstellung im Au\u00dfenbereich inklusive Gleisanlagen.<\/p>\t\t\t\t\t\t\t\t<\/div>\n\t\t\t\t<div class=\"elementor-element elementor-element-6d18b86 elementor-widget elementor-widget-image\" data-id=\"6d18b86\" data-element_type=\"widget\" data-e-type=\"widget\" data-widget_type=\"image.default\">\n\t\t\t\t\t\t\t\t\t\t\t\t\t\t\t<img fetchpriority=\"high\" decoding=\"async\" width=\"1307\" height=\"694\" src=\"https:\/\/yukatel.de\/wp-content\/uploads\/2023\/03\/Bildschirmfoto-2019-05-28-um-14.08.52.png\" class=\"attachment-full size-full wp-image-12832\" alt=\"Lageplan der Messe M\u00fcnchen mit Hallen f\u00fcr Dienstleistung, Transport und Logistik sowie Parkm\u00f6glichkeiten und Eing\u00e4nge.\" srcset=\"https:\/\/yukatel.de\/wp-content\/uploads\/2023\/03\/Bildschirmfoto-2019-05-28-um-14.08.52.png 1307w, https:\/\/yukatel.de\/wp-content\/uploads\/2023\/03\/Bildschirmfoto-2019-05-28-um-14.08.52-300x159.png 300w, https:\/\/yukatel.de\/wp-content\/uploads\/2023\/03\/Bildschirmfoto-2019-05-28-um-14.08.52-1024x544.png 1024w, https:\/\/yukatel.de\/wp-content\/uploads\/2023\/03\/Bildschirmfoto-2019-05-28-um-14.08.52-768x408.png 768w\" sizes=\"(max-width: 1307px) 100vw, 1307px\" \/>\t\t\t\t\t\t\t\t\t\t\t\t\t\t\t<\/div>\n\t\t\t\t<div class=\"elementor-element elementor-element-82a71fc elementor-widget elementor-widget-spacer\" data-id=\"82a71fc\" data-element_type=\"widget\" data-e-type=\"widget\" data-widget_type=\"spacer.default\">\n\t\t\t\t\t\t\t<div class=\"elementor-spacer\">\n\t\t\t<div class=\"elementor-spacer-inner\"><\/div>\n\t\t<\/div>\n\t\t\t\t\t\t<\/div>\n\t\t\t\t<div class=\"elementor-element elementor-element-a357fa4 elementor-widget elementor-widget-heading\" data-id=\"a357fa4\" data-element_type=\"widget\" data-e-type=\"widget\" data-widget_type=\"heading.default\">\n\t\t\t\t\t<h2 class=\"elementor-heading-title elementor-size-default\">Daten &amp; Zahlen auf einen Blick<\/h2>\t\t\t\t<\/div>\n\t\t\t\t<div class=\"elementor-element elementor-element-062b991 elementor-widget elementor-widget-text-editor\" data-id=\"062b991\" data-element_type=\"widget\" data-e-type=\"widget\" data-widget_type=\"text-editor.default\">\n\t\t\t\t\t\t\t\t\t<ul><li><strong>2.374<\/strong> Aussteller aus <strong>63<\/strong> L\u00e4ndern und Regionen<\/li><li>\u00dcber <b>64.<\/b><strong>000<\/strong> Besucher aus <strong>125<\/strong> L\u00e4ndern und Regionen<\/li><li><strong>120.000<\/strong> qm Ausstellungsfl\u00e4che, <strong>10<\/strong> Hallen inkl. Freigel\u00e4nde<\/li><li><strong>200<\/strong> Profis der Branche, Vortr\u00e4ge &amp; Konferenzprogramm<\/li><\/ul>\t\t\t\t\t\t\t\t<\/div>\n\t\t\t\t<div class=\"elementor-element elementor-element-8c67b08 elementor-widget elementor-widget-image\" data-id=\"8c67b08\" data-element_type=\"widget\" data-e-type=\"widget\" data-widget_type=\"image.default\">\n\t\t\t\t\t\t\t\t\t\t\t\t\t\t\t<img decoding=\"async\" src=\"https:\/\/yukatel.de\/wp-content\/uploads\/2023\/01\/Kein-Titel-2560-\u00d7-1440-px-1490-\u00d7-580-px.png\" title=\"\" alt=\"\" loading=\"lazy\" \/>\t\t\t\t\t\t\t\t\t\t\t\t\t\t\t<\/div>\n\t\t\t\t<div class=\"elementor-element elementor-element-3f9c83e elementor-widget elementor-widget-spacer\" data-id=\"3f9c83e\" data-element_type=\"widget\" data-e-type=\"widget\" data-widget_type=\"spacer.default\">\n\t\t\t\t\t\t\t<div class=\"elementor-spacer\">\n\t\t\t<div class=\"elementor-spacer-inner\"><\/div>\n\t\t<\/div>\n\t\t\t\t\t\t<\/div>\n\t\t\t\t<div class=\"elementor-element elementor-element-2c7de62 elementor-widget elementor-widget-heading\" data-id=\"2c7de62\" data-element_type=\"widget\" data-e-type=\"widget\" data-widget_type=\"heading.default\">\n\t\t\t\t\t<h2 class=\"elementor-heading-title elementor-size-default\">transport logistic \u2013 weltweit<\/h2>\t\t\t\t<\/div>\n\t\t\t\t<div class=\"elementor-element elementor-element-de2158c elementor-widget elementor-widget-text-editor\" data-id=\"de2158c\" data-element_type=\"widget\" data-e-type=\"widget\" data-widget_type=\"text-editor.default\">\n\t\t\t\t\t\t\t\t\t<p>Das Branchennetzwerk der transport logistic Messe setzt sich aus insgesamt 8 Veranstaltungen zusammen. Neben der int. Leitmesse transport logistic in M\u00fcnchen, gibt es drei Veranstaltungen in China \u2013 die transport logistic China und das transport logistic China Forum. Dazu kommt eine Kooperation mit China international Transportation &amp; Logistics EXPO. Gemeinsam mit EKO Fair Limited, richtet die Messe M\u00fcnchen die logitrans International Transport Logistics Exhibition aus. Veranstaltungsort ist in diesem Fall ist Istanbul, T\u00fcrkei. Nennenswert sind auch die eigenst\u00e4ndigen Messen air cargo India, die air cargo Africa und das air cargo forum miami. Ebenfalls zugeh\u00f6rig zu der transport logistic sind die transport logistic Americas in Miami und die transport logistic India in Mumbai.<\/p>\t\t\t\t\t\t\t\t<\/div>\n\t\t\t\t<div class=\"elementor-element elementor-element-81c119c elementor--h-position-center elementor--v-position-middle elementor-arrows-position-inside elementor-pagination-position-inside elementor-widget elementor-widget-slides\" data-id=\"81c119c\" data-element_type=\"widget\" data-e-type=\"widget\" data-settings=\"{&quot;navigation&quot;:&quot;both&quot;,&quot;autoplay&quot;:&quot;yes&quot;,&quot;pause_on_hover&quot;:&quot;yes&quot;,&quot;pause_on_interaction&quot;:&quot;yes&quot;,&quot;autoplay_speed&quot;:5000,&quot;infinite&quot;:&quot;yes&quot;,&quot;transition&quot;:&quot;slide&quot;,&quot;transition_speed&quot;:500}\" data-widget_type=\"slides.default\">\n\t\t\t\t\t\t\t\t\t\t<div class=\"elementor-slides-wrapper elementor-main-swiper swiper\" role=\"region\" aria-roledescription=\"carousel\" aria-label=\"Slides\" dir=\"ltr\" data-animation=\"fadeInUp\">\n\t\t\t\t<div class=\"swiper-wrapper elementor-slides\">\n\t\t\t\t\t\t\t\t\t\t<div class=\"elementor-repeater-item-ec03e37 swiper-slide\" role=\"group\" aria-roledescription=\"slide\"><div class=\"swiper-slide-bg\" role=\"img\" aria-label=\"H\u00e4nde halten die Erde vor blauem Himmel, symbolisieren Umweltschutz und globale Verantwortung.\"><\/div><a class=\"swiper-slide-inner\" href=\"http:\/\/www.yuka.digital\"><div class=\"swiper-slide-contents\"><\/div><\/a><\/div>\t\t\t\t<\/div>\n\t\t\t\t\t\t\t<\/div>\n\t\t\t\t\t\t\t\t<\/div>\n\t\t\t\t<div class=\"elementor-element elementor-element-e1b1217 elementor-widget elementor-widget-spacer\" data-id=\"e1b1217\" data-element_type=\"widget\" data-e-type=\"widget\" data-widget_type=\"spacer.default\">\n\t\t\t\t\t\t\t<div class=\"elementor-spacer\">\n\t\t\t<div class=\"elementor-spacer-inner\"><\/div>\n\t\t<\/div>\n\t\t\t\t\t\t<\/div>\n\t\t\t\t<div class=\"elementor-element elementor-element-9f23d6e elementor-widget elementor-widget-heading\" data-id=\"9f23d6e\" data-element_type=\"widget\" data-e-type=\"widget\" data-widget_type=\"heading.default\">\n\t\t\t\t\t<h2 class=\"elementor-heading-title elementor-size-default\">transport logistics \u2013 Yuka.digital als Aussteller vor Ort <\/h2>\t\t\t\t<\/div>\n\t\t\t\t<div class=\"elementor-element elementor-element-f7207aa elementor-widget elementor-widget-text-editor\" data-id=\"f7207aa\" data-element_type=\"widget\" data-e-type=\"widget\" data-widget_type=\"text-editor.default\">\n\t\t\t\t\t\t\t\t\t<p>Viele namhafte Namen der Branche haben sich bereits angemeldet. Yukatel pr\u00e4sentiert sich erstmals als Aussteller der transport logistic in M\u00fcnchen, mit der Dachmarke des Digitalisierungssektors Yuka.digital, mit einem Stand von 80 m\u00b2. Pr\u00e4sentiert werden die neusten Produkte und L\u00f6sungen vor allem aus dem Digitalbereich des Offenbacher Unternehmens. Yukatel ist seit \u00fcber 28 Jahren ein fester Bestandteil des globalen Mobilfunkgro\u00dfhandelsmarktes. In Europa ist das Unternehmen einer der unangefochtenen Hauptakteure auf diesem Gebiet. Der Digitalbereich Yuka.digital hat in den letzten 15 Jahren wertvolle Erfahrungen in den Bereichen GPS, Telematik, Entwicklung, IoT und M2M gesammelt. Mit der selbst entwickelten Marke routecontrol bietet das Unternehmen ein ausgereiftes, professionelles Telematik Flottenmanagementsystem am Markt an. routecontrol ist das ideale Tool f\u00fcr alle Unternehmen, die im t\u00e4glichen Gesch\u00e4ftsbetrieb mehrere Fahrzeuge oder Flotten einsetzen.<\/p><p>Wenden Sie sich an unser Telematik-Team vor Ort oder besuche unsere Webseiten!\u00a0<\/p><p><a href=\"http:\/\/www.yukatel.de\">www.yukatel.de<\/a> | <a href=\"http:\/\/www.yuka.digital\">www.yuka.digital<\/a> | <a href=\"http:\/\/www.routecontrol.de\">www.routecontrol.de<\/a> | <a href=\"http:\/\/www.m2m-allnet.com\">www.m2m-allnet.com<\/a> | <a href=\"http:\/\/www.yukatrack.com\">www.yukatrack.com<\/a> <a href=\"http:\/\/www.nextwawi.com\">www.nextwawi.com<\/a><\/p><p>Aus der gesammelten Erfahrung entstand eine weitere Marke mit smarten Produkten \u2013 YUKAtrack wurde ins Leben gerufen. Eine komplette GPS-Serie f\u00fcr End- und Gesch\u00e4ftskunden. Mit dem YUKAtrack-Komplettset erhalten Sie alles, was Sie f\u00fcr eine zuverl\u00e4ssige GPS-Fahrzeugortung ben\u00f6tigen. Der fortschrittliche GPS-Tracker ist mit vielen n\u00fctzlichen Features ausgestattet, wie zum Beispiel einer elektronischen Fahrtenbuchfunktion. Das YUKAtrack-Team arbeitet st\u00e4ndig an der Verbesserung des Systems \u2013 alle Updates stehen den Nutzern kostenlos zur Verf\u00fcgung. YUKAtrack ist absolut vielseitig \u2013 bilden Sie Ihre Fahrt effizienter ab und erh\u00f6hen Sie die Sicherheit Ihrer Fahrzeuge. Unser geschultes Support-Team freut sich auf Ihre Kontaktaufnahme und steht Ihnen f\u00fcr alle Fragen zur Verf\u00fcgung. Haben Sie schon von Internet of Things und M2M (Machine to Machine) geh\u00f6rt? Wer sich mit dem Thema Digitalisierung besch\u00e4ftigt, kommt heutzutage an IoT und M2M nicht vorbei \u2013 viele gro\u00dfe Unternehmen nutzen bereits digitalisierte Prozesse in ihrer t\u00e4glichen Arbeit. Auch hier ist Yuka.digital ein absoluter Profi f\u00fcr die Marken M2M Allnet und M2M Unity, von der Beratung \u00fcber die Auswahl der Hardwarekomponenten bis hin zur Integration in Ihr Unternehmen.<\/p>\t\t\t\t\t\t\t\t<\/div>\n\t\t\t\t<div class=\"elementor-element elementor-element-6dc72ad elementor-widget elementor-widget-spacer\" data-id=\"6dc72ad\" data-element_type=\"widget\" data-e-type=\"widget\" data-widget_type=\"spacer.default\">\n\t\t\t\t\t\t\t<div class=\"elementor-spacer\">\n\t\t\t<div class=\"elementor-spacer-inner\"><\/div>\n\t\t<\/div>\n\t\t\t\t\t\t<\/div>\n\t\t\t\t<div class=\"elementor-element elementor-element-2b8836d elementor-widget elementor-widget-image\" data-id=\"2b8836d\" data-element_type=\"widget\" data-e-type=\"widget\" data-widget_type=\"image.default\">\n\t\t\t\t\t\t\t\t\t\t\t\t\t\t\t<img decoding=\"async\" width=\"800\" height=\"540\" src=\"https:\/\/yukatel.de\/wp-content\/uploads\/2023\/03\/MicrosoftTeams-image-2.jpg\" class=\"attachment-large size-large wp-image-12829\" alt=\"Bunte Container auf der Transport-Logistikmesse M\u00fcnchen, Mai 2023, Halle A3, Stand 431\/532.\" srcset=\"https:\/\/yukatel.de\/wp-content\/uploads\/2023\/03\/MicrosoftTeams-image-2.jpg 1000w, https:\/\/yukatel.de\/wp-content\/uploads\/2023\/03\/MicrosoftTeams-image-2-300x203.jpg 300w, https:\/\/yukatel.de\/wp-content\/uploads\/2023\/03\/MicrosoftTeams-image-2-768x518.jpg 768w\" sizes=\"(max-width: 800px) 100vw, 800px\" \/>\t\t\t\t\t\t\t\t\t\t\t\t\t\t\t<\/div>\n\t\t\t\t<div class=\"elementor-element elementor-element-9f1e32e elementor-widget elementor-widget-spacer\" data-id=\"9f1e32e\" data-element_type=\"widget\" data-e-type=\"widget\" data-widget_type=\"spacer.default\">\n\t\t\t\t\t\t\t<div class=\"elementor-spacer\">\n\t\t\t<div class=\"elementor-spacer-inner\"><\/div>\n\t\t<\/div>\n\t\t\t\t\t\t<\/div>\n\t\t\t\t<div class=\"elementor-element elementor-element-5ba0bab elementor-widget elementor-widget-heading\" data-id=\"5ba0bab\" data-element_type=\"widget\" data-e-type=\"widget\" data-widget_type=\"heading.default\">\n\t\t\t\t\t<h2 class=\"elementor-heading-title elementor-size-default\">Treffen Sie uns auf der transport logistic in M\u00fcnchen<\/h2>\t\t\t\t<\/div>\n\t\t\t\t<div class=\"elementor-element elementor-element-66c3d32 elementor-widget elementor-widget-text-editor\" data-id=\"66c3d32\" data-element_type=\"widget\" data-e-type=\"widget\" data-widget_type=\"text-editor.default\">\n\t\t\t\t\t\t\t\t\t<p>Mit den eigenentwickelten Marken routecontrol, YUKAtrack, M2M Allnet und M2M Unity, werden gleich mehrere Bereiche zur Digitalisierung abgedeckt. An unserem Stand kl\u00e4ren wir Sie rund um das Thema Digitalisierung auf, pr\u00e4sentieren neue Produkte und beraten Sie von der Entwicklung bis hin zur Auswahl der Hardware-Komponenten und der Integration in Ihr Unternehmen. Wann fangen Sie an, Prozesse innerhalb Ihres Unternehmens zu digitalisieren und somit allt\u00e4glich anfallende Arbeiten zu automatisieren? So werden Fehler bei Dokumentationen vermieden, Prozesse werden wirtschaftlicher abgebildet und die Effizienz steigt. Nutzen Sie die Vorteile von digitalisierten Prozessen.<\/p>\t\t\t\t\t\t\t\t<\/div>\n\t\t\t\t<div class=\"elementor-element elementor-element-dffe496 elementor-widget elementor-widget-spacer\" data-id=\"dffe496\" data-element_type=\"widget\" data-e-type=\"widget\" data-widget_type=\"spacer.default\">\n\t\t\t\t\t\t\t<div class=\"elementor-spacer\">\n\t\t\t<div class=\"elementor-spacer-inner\"><\/div>\n\t\t<\/div>\n\t\t\t\t\t\t<\/div>\n\t\t\t\t\t<\/div>\n\t\t<\/div>\n\t\t\t\t\t<\/div>\n\t\t<\/section>\n\t\t\t\t<section class=\"elementor-section elementor-top-section elementor-element elementor-element-15a0d1f elementor-section-boxed elementor-section-height-default elementor-section-height-default\" data-id=\"15a0d1f\" data-element_type=\"section\" data-e-type=\"section\">\n\t\t\t\t\t\t<div class=\"elementor-container elementor-column-gap-default\">\n\t\t\t\t\t<div class=\"elementor-column elementor-col-100 elementor-top-column elementor-element elementor-element-622a74e\" data-id=\"622a74e\" data-element_type=\"column\" data-e-type=\"column\">\n\t\t\t<div class=\"elementor-widget-wrap elementor-element-populated\">\n\t\t\t\t\t\t<section class=\"elementor-section elementor-inner-section elementor-element elementor-element-4d9a17e elementor-section-boxed elementor-section-height-default elementor-section-height-default\" data-id=\"4d9a17e\" data-element_type=\"section\" data-e-type=\"section\">\n\t\t\t\t\t\t<div class=\"elementor-container elementor-column-gap-default\">\n\t\t\t\t\t<div class=\"elementor-column elementor-col-50 elementor-inner-column elementor-element elementor-element-504b418\" data-id=\"504b418\" data-element_type=\"column\" data-e-type=\"column\">\n\t\t\t<div class=\"elementor-widget-wrap elementor-element-populated\">\n\t\t\t\t\t\t<div class=\"elementor-element elementor-element-223026a elementor-widget elementor-widget-image\" data-id=\"223026a\" data-element_type=\"widget\" data-e-type=\"widget\" data-widget_type=\"image.default\">\n\t\t\t\t\t\t\t\t\t\t\t\t\t\t\t<img decoding=\"async\" width=\"720\" height=\"720\" src=\"https:\/\/yukatel.de\/wp-content\/uploads\/2023\/03\/c400016001600.jpeg\" class=\"attachment-large size-large wp-image-12834\" alt=\"Konferenzraum mit Gesch\u00e4ftstreffen, Videokonferenz auf Bildschirm, transport logistic Logo sichtbar, Personen fokussiert.\" srcset=\"https:\/\/yukatel.de\/wp-content\/uploads\/2023\/03\/c400016001600.jpeg 720w, https:\/\/yukatel.de\/wp-content\/uploads\/2023\/03\/c400016001600-300x300.jpeg 300w, https:\/\/yukatel.de\/wp-content\/uploads\/2023\/03\/c400016001600-150x150.jpeg 150w\" sizes=\"(max-width: 720px) 100vw, 720px\" \/>\t\t\t\t\t\t\t\t\t\t\t\t\t\t\t<\/div>\n\t\t\t\t\t<\/div>\n\t\t<\/div>\n\t\t\t\t<div class=\"elementor-column elementor-col-50 elementor-inner-column elementor-element elementor-element-6388587\" data-id=\"6388587\" data-element_type=\"column\" data-e-type=\"column\">\n\t\t\t<div class=\"elementor-widget-wrap elementor-element-populated\">\n\t\t\t\t\t\t<div class=\"elementor-element elementor-element-1632249 elementor-widget elementor-widget-text-editor\" data-id=\"1632249\" data-element_type=\"widget\" data-e-type=\"widget\" data-widget_type=\"text-editor.default\">\n\t\t\t\t\t\t\t\t\t<p><strong><em>\u00a0<\/em><\/strong><\/p><p><strong><em>\u00a0<\/em><\/strong><\/p><p><strong><em>Sie m\u00f6chten mehr \u00fcber Digitalisierung und deren Integration in Ihr Unternehmen erfahren? <\/em><\/strong><\/p><p><strong><em>Besuchen Sie uns auf der transport logistic M\u00fcnchen!<\/em><\/strong><\/p><p><strong><em>Halle: A3<\/em><\/strong><\/p><p><strong><em>Stand: 431\/532<\/em><\/strong><\/p><p><strong><em>\u00a0<\/em><\/strong><\/p><p><strong><em>Sie m\u00f6chten uns auf der Messe in M\u00fcnchen treffen und mehr <\/em>Digitalisierung und deren Integration in Ihr Unternehmen erfahren? <\/strong><\/p><p><a href=\"mailto:info@yuka.digital.de\">info@yuka.digital.de<\/a><\/p><p>Vereinbaren Sie bereits vorab einen Termin mit einem unserer Kollegen vor Ort.<\/p>\t\t\t\t\t\t\t\t<\/div>\n\t\t\t\t\t<\/div>\n\t\t<\/div>\n\t\t\t\t\t<\/div>\n\t\t<\/section>\n\t\t\t\t\t<\/div>\n\t\t<\/div>\n\t\t\t\t\t<\/div>\n\t\t<\/section>\n\t\t\t\t<\/div>\n\t\t","protected":false},"excerpt":{"rendered":"<p>You are currently viewing a placeholder content from YouTube. To access the actual content, click the button below. Please note that doing so will share data with third-party providers. More Information Unblock content Accept required service and unblock content transport logistic &#8211; Internationale Fachmesse f\u00fcr Mobilit\u00e4t, Logistik, IT und Supply Chain Management. Seit 1978 findet [&hellip;]<\/p>\n","protected":false},"author":1,"featured_media":12830,"comment_status":"closed","ping_status":"closed","sticky":true,"template":"","format":"standard","meta":{"_monsterinsights_skip_tracking":false,"_monsterinsights_sitenote_active":false,"_monsterinsights_sitenote_note":"","_monsterinsights_sitenote_category":0,"footnotes":""},"categories":[19],"tags":[],"class_list":["post-12826","post","type-post","status-publish","format-standard","has-post-thumbnail","hentry","category-uncategorized"],"_links":{"self":[{"href":"https:\/\/yukatel.de\/en\/wp-json\/wp\/v2\/posts\/12826","targetHints":{"allow":["GET"]}}],"collection":[{"href":"https:\/\/yukatel.de\/en\/wp-json\/wp\/v2\/posts"}],"about":[{"href":"https:\/\/yukatel.de\/en\/wp-json\/wp\/v2\/types\/post"}],"author":[{"embeddable":true,"href":"https:\/\/yukatel.de\/en\/wp-json\/wp\/v2\/users\/1"}],"replies":[{"embeddable":true,"href":"https:\/\/yukatel.de\/en\/wp-json\/wp\/v2\/comments?post=12826"}],"version-history":[{"count":0,"href":"https:\/\/yukatel.de\/en\/wp-json\/wp\/v2\/posts\/12826\/revisions"}],"wp:featuredmedia":[{"embeddable":true,"href":"https:\/\/yukatel.de\/en\/wp-json\/wp\/v2\/media\/12830"}],"wp:attachment":[{"href":"https:\/\/yukatel.de\/en\/wp-json\/wp\/v2\/media?parent=12826"}],"wp:term":[{"taxonomy":"category","embeddable":true,"href":"https:\/\/yukatel.de\/en\/wp-json\/wp\/v2\/categories?post=12826"},{"taxonomy":"post_tag","embeddable":true,"href":"https:\/\/yukatel.de\/en\/wp-json\/wp\/v2\/tags?post=12826"}],"curies":[{"name":"wp","href":"https:\/\/api.w.org\/{rel}","templated":true}]}}