{"id":18228,"date":"2026-04-24T15:14:02","date_gmt":"2026-04-24T13:14:02","guid":{"rendered":"https:\/\/yukatel.de\/?p=18228"},"modified":"2026-04-24T15:19:01","modified_gmt":"2026-04-24T13:19:01","slug":"yukatel-und-doerr-motorsport-beim-24h-rennen-nuerburgring-2026","status":"publish","type":"post","link":"https:\/\/yukatel.de\/en\/yukatel-und-doerr-motorsport-beim-24h-rennen-nuerburgring-2026\/","title":{"rendered":"Yukatel and D\u00f6rr Motorsport at the 2026 N\u00fcrburgring 24-Hour Race"},"content":{"rendered":"<p>Yukatel will compete together with D\u00f6rr Motorsport in the 2026 N\u00fcrburgring 24-hour race. The race will take place from 14 to 17 May 2026. With our participation on the Nordschleife, we are continuing our existing partnership beyond the DTM in another racing format.<\/p>\n\n\n\n<p><strong>Design inspired by Michael Schumacher<\/strong><\/p>\n\n\n\n<p>The McLaren 720S GT3 Evo will feature a special livery for the race. The colour scheme draws inspiration from the Benetton B195 Formula 1 car, in which Michael Schumacher won his second world championship title in 1995. Characteristic colours and graphic elements are translated into a modern overall design and define the car\u2019s appearance on track.<\/p>\n\n\n\n<p>The racing suits are also based on this design. After the race, selected suits will be auctioned in aid of the charitable Keep Fighting Foundation.<\/p>\n\n\n\n<p>In addition, an exhibition of the historic Formula 1 car is planned in the paddock area during the race weekend, allowing visitors to experience the background behind the design.<\/p>\n\n\n\n<p><strong>A driver line-up combining experience and young talent<\/strong><\/p>\n\n\n\n<p>The driver team consists of four drivers with different backgrounds. Timo Glock brings extensive experience as a former Formula 1 driver and long-standing DTM driver, while Timo Scheider complements the line-up as a two-time DTM champion with success in international endurance racing.<\/p>\n\n\n\n<p>Ben D\u00f6rr represents the next generation, having progressed from karting through GT4 to the DTM. The quartet is completed by McLaren works driver Marvin Kirchh\u00f6fer, who has extensive experience in international GT3 programmes and regularly competes in endurance races.<\/p>\n\n\n\n<p><strong>Preparation for the race<\/strong><\/p>\n\n\n\n<p>In preparation for the 24-hour race, the team took part in the Qualifier races on the Nordschleife. The focus was on gaining further track experience and refining procedures under race conditions. The insights gained will be incorporated into the preparations for the race.<\/p>\n\n\n\n<p><strong>Continuation of the motorsport partnership<\/strong><\/p>\n\n\n\n<p>With our entry in the 24-hour race, we are continuing our partnership with D\u00f6rr Motorsport. Alongside our presence in the DTM, the collaboration is now also visible in endurance racing. The N\u00fcrburgring entry complements our existing activities and further expands our joint motorsport involvement on the Nordschleife.<\/p>\n\n\n\n<p><\/p>\n\n\n\n<p><\/p>","protected":false},"excerpt":{"rendered":"<p>Yukatel tritt 2026 gemeinsam mit D\u00f6rr Motorsport beim 24-Stunden-Rennen auf dem N\u00fcrburgring an. Das Rennen findet vom 14. bis 17. Mai 2026 statt. Mit dem Einsatz auf der Nordschleife f\u00fchren wir unsere bestehende Zusammenarbeit neben der DTM auch in einem weiteren Rennformat fort. Design mit Bezug zu Michael Schumacher Beim Rennen kommt der McLaren 720S [&hellip;]<\/p>\n","protected":false},"author":2,"featured_media":18231,"comment_status":"closed","ping_status":"closed","sticky":false,"template":"","format":"standard","meta":{"_monsterinsights_skip_tracking":false,"_monsterinsights_sitenote_active":false,"_monsterinsights_sitenote_note":"","_monsterinsights_sitenote_category":0,"footnotes":""},"categories":[1],"tags":[],"class_list":["post-18228","post","type-post","status-publish","format-standard","has-post-thumbnail","hentry","category-allgemein"],"_links":{"self":[{"href":"https:\/\/yukatel.de\/en\/wp-json\/wp\/v2\/posts\/18228","targetHints":{"allow":["GET"]}}],"collection":[{"href":"https:\/\/yukatel.de\/en\/wp-json\/wp\/v2\/posts"}],"about":[{"href":"https:\/\/yukatel.de\/en\/wp-json\/wp\/v2\/types\/post"}],"author":[{"embeddable":true,"href":"https:\/\/yukatel.de\/en\/wp-json\/wp\/v2\/users\/2"}],"replies":[{"embeddable":true,"href":"https:\/\/yukatel.de\/en\/wp-json\/wp\/v2\/comments?post=18228"}],"version-history":[{"count":1,"href":"https:\/\/yukatel.de\/en\/wp-json\/wp\/v2\/posts\/18228\/revisions"}],"predecessor-version":[{"id":18230,"href":"https:\/\/yukatel.de\/en\/wp-json\/wp\/v2\/posts\/18228\/revisions\/18230"}],"wp:featuredmedia":[{"embeddable":true,"href":"https:\/\/yukatel.de\/en\/wp-json\/wp\/v2\/media\/18231"}],"wp:attachment":[{"href":"https:\/\/yukatel.de\/en\/wp-json\/wp\/v2\/media?parent=18228"}],"wp:term":[{"taxonomy":"category","embeddable":true,"href":"https:\/\/yukatel.de\/en\/wp-json\/wp\/v2\/categories?post=18228"},{"taxonomy":"post_tag","embeddable":true,"href":"https:\/\/yukatel.de\/en\/wp-json\/wp\/v2\/tags?post=18228"}],"curies":[{"name":"wp","href":"https:\/\/api.w.org\/{rel}","templated":true}]}}