{"id":14385,"date":"2024-03-22T12:56:44","date_gmt":"2024-03-22T12:56:44","guid":{"rendered":"https:\/\/yukatel.de\/?p=14385"},"modified":"2024-03-22T12:56:44","modified_gmt":"2024-03-22T12:56:44","slug":"ab-dem-1-april-wir-ziehen-in-die-neue-yukatel-zentrale-in-dreieich-sprendlingen","status":"publish","type":"post","link":"https:\/\/yukatel.de\/es\/ab-dem-1-april-wir-ziehen-in-die-neue-yukatel-zentrale-in-dreieich-sprendlingen\/","title":{"rendered":"Wir ziehen in die neue Yukatel-Zentrale in Dreieich-Sprendlingen"},"content":{"rendered":"<p>Im April dieses Jahres werden wir, die international t\u00e4tige Yukatel GmbH, unsere neue Firmenzentrale am Ortseingang von Dreieich-Sprendlingen beziehen. Unser Geb\u00e4ude wird am Yuka-Platz liegen und die Adresse Yuka-Platz 1 tragen, wie bereits im Dezember 2023 einstimmig von der Stadtverordnetenversammlung beschlossen wurde. Wir freuen uns, dass wir am 18. M\u00e4rz um 12 Uhr das neue Stra\u00dfenschild an der Offenbacher Stra\u00dfe enth\u00fcllen durften.<\/p>\n\n\n\n<figure class=\"wp-block-image size-large\"><img fetchpriority=\"high\" decoding=\"async\" width=\"1024\" height=\"768\" src=\"https:\/\/yukatel.de\/wp-content\/uploads\/2024\/03\/schild-1024x768.jpg\" alt=\"\" class=\"wp-image-14387\" srcset=\"https:\/\/yukatel.de\/wp-content\/uploads\/2024\/03\/schild-1024x768.jpg 1024w, https:\/\/yukatel.de\/wp-content\/uploads\/2024\/03\/schild-300x225.jpg 300w, https:\/\/yukatel.de\/wp-content\/uploads\/2024\/03\/schild-768x576.jpg 768w, https:\/\/yukatel.de\/wp-content\/uploads\/2024\/03\/schild-1536x1152.jpg 1536w, https:\/\/yukatel.de\/wp-content\/uploads\/2024\/03\/schild.jpg 2048w\" sizes=\"(max-width: 1024px) 100vw, 1024px\" \/><\/figure>\n\n\n\n<p>Unsere neue Yukatel-Zentrale ist ein architektonisches Meisterwerk, das mit einer H\u00f6he von 26 Metern und einer Spannweite von 90 Metern beeindruckt. Sie umfasst 15.000 Quadratmeter B\u00fcro- und Lagerfl\u00e4che und besticht durch eine moderne Glasfassade, die stolz unser Firmenlogo tr\u00e4gt.<\/p>\n\n\n\n<p>Im Jahr 1995 wurde die Yukatel GmbH in Offenbach gegr\u00fcndet. Seitdem haben wir eine beeindruckende Entwicklung durchlaufen und uns auf die Distribution und Bereitstellung von Services im Bereich mobiler Endger\u00e4te spezialisiert.<\/p>\n\n\n\n<p>Neben unserem Kerngesch\u00e4ft im Mobilfunk-Gro\u00dfhandel haben wir erfolgreich neue Gesch\u00e4ftsfelder erschlossen, die \u00fcber den traditionellen Vertrieb von Mobilhardware hinausgehen. Unter dem Dach von \u201eYUKA.digital\u201c b\u00fcndeln wir s\u00e4mtliche unserer Eigenmarken, die sich intensiv mit dem Thema Digitalisierung auseinandersetzen. Dies umfasst Hard- und Softwarel\u00f6sungen im Bereich der GPS-Telematik sowie Technologien f\u00fcr den Datenaustausch und -transfer im Rahmen von \u201eMachine to Machine\u201c (M2M) und \u201eInternet of Things\u201c (IoT).<\/p>\n\n\n\n<p>Die Verlegung unseres Firmensitzes markiert einen bedeutenden Meilenstein in unserer Unternehmensgeschichte und unterstreicht das kontinuierliche Wachstum und die Expansion unseres Unternehmens. Unsere neue Zentrale bietet nicht nur eine herausragende Arbeitsumgebung f\u00fcr unsere Mitarbeiter, sondern symbolisiert auch den Fortschritt und die Zukunftsf\u00e4higkeit von Yukatel in einer sich st\u00e4ndig weiterentwickelnden Mobilfunkbranche. Durch den Umzug von Offenbach nach Dreieich streben wir unter anderem an, unsere Mitarbeiterzahl zu erh\u00f6hen und unsere Position im Markt weiter zu st\u00e4rken.<\/p>\n\n\n\n<figure class=\"wp-block-image size-large\"><img decoding=\"async\" width=\"1024\" height=\"768\" src=\"https:\/\/yukatel.de\/wp-content\/uploads\/2024\/03\/gruppenfoto-1024x768.jpg\" alt=\"\" class=\"wp-image-14391\" srcset=\"https:\/\/yukatel.de\/wp-content\/uploads\/2024\/03\/gruppenfoto-1024x768.jpg 1024w, https:\/\/yukatel.de\/wp-content\/uploads\/2024\/03\/gruppenfoto-300x225.jpg 300w, https:\/\/yukatel.de\/wp-content\/uploads\/2024\/03\/gruppenfoto-768x576.jpg 768w, https:\/\/yukatel.de\/wp-content\/uploads\/2024\/03\/gruppenfoto-1536x1152.jpg 1536w, https:\/\/yukatel.de\/wp-content\/uploads\/2024\/03\/gruppenfoto.jpg 2048w\" sizes=\"(max-width: 1024px) 100vw, 1024px\" \/><\/figure>\n\n\n\n<p><span style=\"font-family:Roboto;mso-bidi-font-family:Roboto\">B\u00fcrgermeister Martin Burlon betont, dass unser Umzug eine der bedeutendsten Ansiedlungen der letzten Jahre f\u00fcr den Wirtschaftsstandort Dreieich darstellt. Als international t\u00e4tiges Unternehmen in der Mobilfunkbranche und mit fast drei Jahrzehnten Erfahrung setzen wir nicht nur als Anbieter von Produkten, Systeml\u00f6sungen und digitalen Vernetzungstechnologien ein Ausrufezeichen in der Region, sondern bereichern auch das Gewerbeportfolio der Gemeinde mit unserem Unternehmensspektrum und den damit verbundenen M\u00f6glichkeiten.<\/span><\/p>\n\n\n\n<p><\/p>","protected":false},"excerpt":{"rendered":"<p>Im April dieses Jahres werden wir, die international t\u00e4tige Yukatel GmbH, unsere neue Firmenzentrale am Ortseingang von Dreieich-Sprendlingen beziehen. Unser Geb\u00e4ude wird am Yuka-Platz liegen und die Adresse Yuka-Platz 1 tragen, wie bereits im Dezember 2023 einstimmig von der Stadtverordnetenversammlung beschlossen wurde. Wir freuen uns, dass wir am 18. M\u00e4rz um 12 Uhr das neue [&hellip;]<\/p>\n","protected":false},"author":1,"featured_media":14390,"comment_status":"closed","ping_status":"closed","sticky":false,"template":"","format":"standard","meta":{"_monsterinsights_skip_tracking":false,"_monsterinsights_sitenote_active":false,"_monsterinsights_sitenote_note":"","_monsterinsights_sitenote_category":0,"footnotes":""},"categories":[19],"tags":[],"class_list":["post-14385","post","type-post","status-publish","format-standard","has-post-thumbnail","hentry","category-uncategorized"],"_links":{"self":[{"href":"https:\/\/yukatel.de\/es\/wp-json\/wp\/v2\/posts\/14385","targetHints":{"allow":["GET"]}}],"collection":[{"href":"https:\/\/yukatel.de\/es\/wp-json\/wp\/v2\/posts"}],"about":[{"href":"https:\/\/yukatel.de\/es\/wp-json\/wp\/v2\/types\/post"}],"author":[{"embeddable":true,"href":"https:\/\/yukatel.de\/es\/wp-json\/wp\/v2\/users\/1"}],"replies":[{"embeddable":true,"href":"https:\/\/yukatel.de\/es\/wp-json\/wp\/v2\/comments?post=14385"}],"version-history":[{"count":0,"href":"https:\/\/yukatel.de\/es\/wp-json\/wp\/v2\/posts\/14385\/revisions"}],"wp:featuredmedia":[{"embeddable":true,"href":"https:\/\/yukatel.de\/es\/wp-json\/wp\/v2\/media\/14390"}],"wp:attachment":[{"href":"https:\/\/yukatel.de\/es\/wp-json\/wp\/v2\/media?parent=14385"}],"wp:term":[{"taxonomy":"category","embeddable":true,"href":"https:\/\/yukatel.de\/es\/wp-json\/wp\/v2\/categories?post=14385"},{"taxonomy":"post_tag","embeddable":true,"href":"https:\/\/yukatel.de\/es\/wp-json\/wp\/v2\/tags?post=14385"}],"curies":[{"name":"wp","href":"https:\/\/api.w.org\/{rel}","templated":true}]}}