{"id":2895,"date":"2020-09-23T00:00:03","date_gmt":"2020-09-23T00:00:03","guid":{"rendered":"https:\/\/yukatel.de\/?p=2895"},"modified":"2020-09-23T00:00:03","modified_gmt":"2020-09-23T00:00:03","slug":"yukatel-denizlispor-praesentiert-neue-trikots-fuer-2020-2021","status":"publish","type":"post","link":"https:\/\/yukatel.de\/nl\/yukatel-denizlispor-praesentiert-neue-trikots-fuer-2020-2021\/","title":{"rendered":"Yukatel Denizlispor pr\u00e4sentiert neue Trikots f\u00fcr 2020\/2021"},"content":{"rendered":"<div data-elementor-type=\"wp-post\" data-elementor-id=\"2895\" class=\"elementor elementor-2895\" data-elementor-post-type=\"post\">\n\t\t\t\t\t\t<section class=\"elementor-section elementor-top-section elementor-element elementor-element-3059b14 elementor-section-boxed elementor-section-height-default elementor-section-height-default\" data-id=\"3059b14\" data-element_type=\"section\" data-e-type=\"section\">\n\t\t\t\t\t\t<div class=\"elementor-container elementor-column-gap-default\">\n\t\t\t\t\t<div class=\"elementor-column elementor-col-100 elementor-top-column elementor-element elementor-element-5141f38\" data-id=\"5141f38\" data-element_type=\"column\" data-e-type=\"column\">\n\t\t\t<div class=\"elementor-widget-wrap elementor-element-populated\">\n\t\t\t\t\t\t<div class=\"elementor-element elementor-element-da9e7e5 elementor-widget elementor-widget-image\" data-id=\"da9e7e5\" data-element_type=\"widget\" data-e-type=\"widget\" data-widget_type=\"image.default\">\n\t\t\t\t\t\t\t\t\t\t\t\t\t\t\t<img fetchpriority=\"high\" decoding=\"async\" width=\"800\" height=\"450\" src=\"https:\/\/yukatel.de\/wp-content\/uploads\/2020\/09\/Yuka-Beitragsbild-10-2020-1024x576.jpg\" class=\"attachment-large size-large wp-image-2898\" alt=\"Yukatel Denizlispor presenting new club jersey for 2020\/2021\" srcset=\"https:\/\/yukatel.de\/wp-content\/uploads\/2020\/09\/Yuka-Beitragsbild-10-2020-1024x576.jpg 1024w, https:\/\/yukatel.de\/wp-content\/uploads\/2020\/09\/Yuka-Beitragsbild-10-2020-300x169.jpg 300w, https:\/\/yukatel.de\/wp-content\/uploads\/2020\/09\/Yuka-Beitragsbild-10-2020-768x432.jpg 768w, https:\/\/yukatel.de\/wp-content\/uploads\/2020\/09\/Yuka-Beitragsbild-10-2020.jpg 1366w\" sizes=\"(max-width: 800px) 100vw, 800px\" \/>\t\t\t\t\t\t\t\t\t\t\t\t\t\t\t<\/div>\n\t\t\t\t\t<\/div>\n\t\t<\/div>\n\t\t\t\t\t<\/div>\n\t\t<\/section>\n\t\t\t\t<section class=\"elementor-section elementor-top-section elementor-element elementor-element-365f853a elementor-section-boxed elementor-section-height-default elementor-section-height-default\" data-id=\"365f853a\" data-element_type=\"section\" data-e-type=\"section\">\n\t\t\t\t\t\t<div class=\"elementor-container elementor-column-gap-default\">\n\t\t\t\t\t<div class=\"elementor-column elementor-col-100 elementor-top-column elementor-element elementor-element-67357ef1\" data-id=\"67357ef1\" data-element_type=\"column\" data-e-type=\"column\">\n\t\t\t<div class=\"elementor-widget-wrap elementor-element-populated\">\n\t\t\t\t\t\t<div class=\"elementor-element elementor-element-19597936 elementor-widget elementor-widget-text-editor\" data-id=\"19597936\" data-element_type=\"widget\" data-e-type=\"widget\" data-widget_type=\"text-editor.default\">\n\t\t\t\t\t\t\t\t\t<p>Zum Start in die neue\u00a0 Fu\u00dfballsaison 2020\/2021 pr\u00e4sentiert unser t\u00fcrkischer Bundesliga Vereinspartner Yukatel Denizlispor seine neuen Spieleroutfits sowie die offiziellen Sponsorenbelegungen.<\/p><p>Als stolzer Hauptsponsor und Namensgeber sind wir gleich mit mehren Marken vertreten. Das <b>Yukatel <\/b>Logo ist immer gut sichtbar auf der Vorderseite der Trikots zu sehen. Auf der R\u00fcckseite pr\u00e4sentierten wir unsere neue IoT Connectivity-Cloud Marke <b>M2M Unity<\/b>\u00a0und am linken \u00c4rmel unsere Live-Ortung und Flottenmanagement Marke <b>routecontrol<\/b> sowie auf der rechten Seite der Shorts <b>Yukamo<\/b>.<\/p><p>Wir w\u00fcnschen unseren Spieler einen guten Start und viel Erfolg f\u00fcr die neue Saison.<\/p>\t\t\t\t\t\t\t\t<\/div>\n\t\t\t\t\t<\/div>\n\t\t<\/div>\n\t\t\t\t\t<\/div>\n\t\t<\/section>\n\t\t\t\t<section class=\"elementor-section elementor-top-section elementor-element elementor-element-12d43ba elementor-section-boxed elementor-section-height-default elementor-section-height-default\" data-id=\"12d43ba\" data-element_type=\"section\" data-e-type=\"section\">\n\t\t\t\t\t\t<div class=\"elementor-container elementor-column-gap-default\">\n\t\t\t\t\t<div class=\"elementor-column elementor-col-100 elementor-top-column elementor-element elementor-element-394ae1f\" data-id=\"394ae1f\" data-element_type=\"column\" data-e-type=\"column\">\n\t\t\t<div class=\"elementor-widget-wrap elementor-element-populated\">\n\t\t\t\t\t\t<div class=\"elementor-element elementor-element-1b26524 elementor-widget elementor-widget-text-editor\" data-id=\"1b26524\" data-element_type=\"widget\" data-e-type=\"widget\" data-widget_type=\"text-editor.default\">\n\t\t\t\t\t\t\t\t\t<h4><b>Imagevideo &amp; Bilder &#8211; Saison 2020\/2021<\/b><\/h4>\t\t\t\t\t\t\t\t<\/div>\n\t\t\t\t<div class=\"elementor-element elementor-element-5218e1a elementor-widget elementor-widget-video\" data-id=\"5218e1a\" data-element_type=\"widget\" data-e-type=\"widget\" data-settings=\"{&quot;video_type&quot;:&quot;hosted&quot;,&quot;controls&quot;:&quot;yes&quot;}\" data-widget_type=\"video.default\">\n\t\t\t\t\t\t\t<div class=\"e-hosted-video elementor-wrapper elementor-open-inline\">\n\t\t\t\t\t<video class=\"elementor-video\" src=\"https:\/\/yukatel.de\/wp-content\/uploads\/2020\/09\/Denizlispor-Forma-Tan\u0131t\u0131m-2020-2021_Y\u00fcksek-Kalite.mp4\" controls=\"\" preload=\"metadata\" controlslist=\"nodownload\" poster=\"https:\/\/yukatel.de\/wp-content\/uploads\/2020\/09\/vid-titelbild.PNG.jpg\"><\/video>\n\t\t\t\t<\/div>\n\t\t\t\t\t\t<\/div>\n\t\t\t\t<div class=\"elementor-element elementor-element-3ff8a40 elementor-widget elementor-widget-gallery\" data-id=\"3ff8a40\" data-element_type=\"widget\" data-e-type=\"widget\" data-settings=\"{&quot;columns&quot;:2,&quot;gap&quot;:{&quot;unit&quot;:&quot;px&quot;,&quot;size&quot;:22,&quot;sizes&quot;:[]},&quot;aspect_ratio&quot;:&quot;16:9&quot;,&quot;lazyload&quot;:&quot;yes&quot;,&quot;gallery_layout&quot;:&quot;grid&quot;,&quot;columns_tablet&quot;:2,&quot;columns_mobile&quot;:1,&quot;gap_tablet&quot;:{&quot;unit&quot;:&quot;px&quot;,&quot;size&quot;:10,&quot;sizes&quot;:[]},&quot;gap_mobile&quot;:{&quot;unit&quot;:&quot;px&quot;,&quot;size&quot;:10,&quot;sizes&quot;:[]},&quot;overlay_background&quot;:&quot;yes&quot;,&quot;content_hover_animation&quot;:&quot;fade-in&quot;}\" data-widget_type=\"gallery.default\">\n\t\t\t\t\t\t\t<div class=\"elementor-gallery__container\">\n\t\t\t\t\t\t\t<div class=\"e-gallery-item elementor-gallery-item elementor-animated-content\">\n\t\t\t\t\t<div class=\"e-gallery-image elementor-gallery-item__image\" data-thumbnail=\"https:\/\/yukatel.de\/wp-content\/uploads\/2020\/09\/trikots-fraben-768x432.jpg\" data-width=\"768\" data-height=\"432\" aria-label=\"Drei verschiedene Fu\u00dfballtrikots in Wei\u00df, T\u00fcrkis und Schwarz-Gr\u00fcn mit der Nummer 7 und Sponsorenlogos.\" role=\"img\" ><\/div>\n\t\t\t\t\t\t\t\t\t\t\t<div class=\"elementor-gallery-item__overlay\"><\/div>\n\t\t\t\t\t\t\t\t\t\t\t\t\t\t<\/div>\n\t\t\t\t\t\t\t<div class=\"e-gallery-item elementor-gallery-item elementor-animated-content\">\n\t\t\t\t\t<div class=\"e-gallery-image elementor-gallery-item__image\" data-thumbnail=\"https:\/\/yukatel.de\/wp-content\/uploads\/2020\/09\/PHOTO-2020-09-05-14-22-351-768x518.jpg\" data-width=\"768\" data-height=\"518\" aria-label=\"Fu\u00dfballer in gr\u00fcn-schwarz und wei\u00df-t\u00fcrkis Trikots sitzen auf der Trainerbank im Stadion.\" role=\"img\" ><\/div>\n\t\t\t\t\t\t\t\t\t\t\t<div class=\"elementor-gallery-item__overlay\"><\/div>\n\t\t\t\t\t\t\t\t\t\t\t\t\t\t<\/div>\n\t\t\t\t\t<\/div>\n\t\t\t\t\t<\/div>\n\t\t\t\t\t<\/div>\n\t\t<\/div>\n\t\t\t\t\t<\/div>\n\t\t<\/section>\n\t\t\t\t<\/div>","protected":false},"excerpt":{"rendered":"<p>Zum Start in die neue  Fu\u00dfballsaison 2020\/2021 pr\u00e4sentiert unser t\u00fcrkischer Bundesliga Vereinspartner Yukatel Denizlispor seine neuen Spieleroutfits sowie die offiziellen Sponsorenbelegungen.<\/p>","protected":false},"author":1,"featured_media":2898,"comment_status":"closed","ping_status":"closed","sticky":false,"template":"","format":"standard","meta":{"_monsterinsights_skip_tracking":false,"_monsterinsights_sitenote_active":false,"_monsterinsights_sitenote_note":"","_monsterinsights_sitenote_category":0,"footnotes":""},"categories":[18],"tags":[],"class_list":["post-2895","post","type-post","status-publish","format-standard","has-post-thumbnail","hentry","category-sponsoring"],"_links":{"self":[{"href":"https:\/\/yukatel.de\/nl\/wp-json\/wp\/v2\/posts\/2895","targetHints":{"allow":["GET"]}}],"collection":[{"href":"https:\/\/yukatel.de\/nl\/wp-json\/wp\/v2\/posts"}],"about":[{"href":"https:\/\/yukatel.de\/nl\/wp-json\/wp\/v2\/types\/post"}],"author":[{"embeddable":true,"href":"https:\/\/yukatel.de\/nl\/wp-json\/wp\/v2\/users\/1"}],"replies":[{"embeddable":true,"href":"https:\/\/yukatel.de\/nl\/wp-json\/wp\/v2\/comments?post=2895"}],"version-history":[{"count":0,"href":"https:\/\/yukatel.de\/nl\/wp-json\/wp\/v2\/posts\/2895\/revisions"}],"wp:featuredmedia":[{"embeddable":true,"href":"https:\/\/yukatel.de\/nl\/wp-json\/wp\/v2\/media\/2898"}],"wp:attachment":[{"href":"https:\/\/yukatel.de\/nl\/wp-json\/wp\/v2\/media?parent=2895"}],"wp:term":[{"taxonomy":"category","embeddable":true,"href":"https:\/\/yukatel.de\/nl\/wp-json\/wp\/v2\/categories?post=2895"},{"taxonomy":"post_tag","embeddable":true,"href":"https:\/\/yukatel.de\/nl\/wp-json\/wp\/v2\/tags?post=2895"}],"curies":[{"name":"wp","href":"https:\/\/api.w.org\/{rel}","templated":true}]}}