{"id":8146,"date":"2021-09-28T09:53:11","date_gmt":"2021-09-28T09:53:11","guid":{"rendered":"https:\/\/cowardly-oven.flywheelsites.com\/?p=8146"},"modified":"2021-09-28T09:53:11","modified_gmt":"2021-09-28T09:53:11","slug":"standortwechsel-nach-20-jahren","status":"publish","type":"post","link":"https:\/\/yukatel.de\/ro\/standortwechsel-nach-20-jahren\/","title":{"rendered":"Standortwechsel nach 20 Jahren: Die YUKAtel GmbH verlegt ihren Firmensitz von Offenbach nach Dreieich in markanten Neubau."},"content":{"rendered":"<p><img loading=\"lazy\" decoding=\"async\" width=\"800\" height=\"532\" src=\"https:\/\/yukatel.de\/wp-content\/uploads\/2021\/09\/B_21_031-Landes-Yukatel-02-Side-exterior-opt2-cropped_k-1.jpg\" alt=\"B_21_031-Landes-Yukatel-02-Side-exterior-opt2-cropped_k\" srcset=\"https:\/\/yukatel.de\/wp-content\/uploads\/2021\/09\/B_21_031-Landes-Yukatel-02-Side-exterior-opt2-cropped_k-1.jpg 800w, https:\/\/yukatel.de\/wp-content\/uploads\/2021\/09\/B_21_031-Landes-Yukatel-02-Side-exterior-opt2-cropped_k-1-300x200.jpg 300w, https:\/\/yukatel.de\/wp-content\/uploads\/2021\/09\/B_21_031-Landes-Yukatel-02-Side-exterior-opt2-cropped_k-1-768x511.jpg 768w, https:\/\/yukatel.de\/wp-content\/uploads\/2021\/09\/B_21_031-Landes-Yukatel-02-Side-exterior-opt2-cropped_k-1-18x12.jpg 18w\" sizes=\"auto, (max-width: 800px) 100vw, 800px\" \/>\t\t\t\t\t\t\t\t\t\t\t\t\t\t<\/p>\n<p>Die YUKAtel GmbH, als ein international agierender Mobilfunk-Gro\u00dfh\u00e4ndler und Anbieter von Hard- und Softwarel\u00f6sungen im Bereich GPS Telematik &amp; M2M\/IoT, hat ihren Sitz bereits seit \u00fcber 20 Jahren am jetzigen Standort in der Merianstr. 23 in Offenbach am Main. <\/p>\n<p>Aufgrund des stetig wachsenden Kerngesch\u00e4fts im Mobilfunk-Gro\u00dfhandel, sowie der Einf\u00fchrung diverser Marken in den Bereichen IoT, IT Dienstleistungen und GPS Flottenl\u00f6sungen, ist auch der Bedarf an Mitarbeitern gestiegen. <\/p>\n<p>Die Fl\u00e4chen am jetzigen Standort sind vollumf\u00e4nglich ausgesch\u00f6pft und so fiel die Entscheidung, nach \u00fcber 20-j\u00e4hriger Standorttreue, einen Neubau nach individuellen Bed\u00fcrfnissen in Dreieich Sprendlingen zu realisieren.<\/p>\n<p>So will die YUKAtel GmbH einen Rahmen schaffen, um die Zahl der am derzeitigen Standort Offenbach besch\u00e4ftigen 70 Mitarbeiter bis zum Einzug auf 100 Mitarbeiter zu erh\u00f6hen.<\/p>\n<p>Das projektierte Geb\u00e4ude akzentuiert im Zusammenspiel mit dem MHK-Geb\u00e4ude an der Frankfurter Stra\u00dfe die n\u00f6rdliche Stadtgrenze durch sein \u00e4sthetisch pr\u00e4gnantes Erscheinungsbild.<\/p>\n<p>Die Entscheidung f\u00fcr den verkehrsg\u00fcnstigen Standort fiel nicht zuletzt auch wegen der angenehmen Zusammenarbeit mit der Stadt Dreieich.<\/p>\n<p>\u201eWir genie\u00dfen eine gro\u00dfe Unterst\u00fctzung durch die Stadt Dreieich\u201c freut sich Yusuf Karatas, Firmengr\u00fcnder und Gesch\u00e4ftsf\u00fchrer der YUKAtel GmbH. \u201eUnser besonderer Dank gilt Herrn B\u00fcrgermeister Martin Burlon. Auch die tatkr\u00e4ftige Unterst\u00fctzung der Bauaufsicht des Kreises Offenbach hat es uns erm\u00f6glicht den Neubau nach k\u00fcrzester Planungsphase auf den Weg zu bringen\u201c.<\/p>\n<p>Auf dem 7000qm gro\u00dfen Grundst\u00fcck wird sich der Neubau mit 90m L\u00e4nge und 35m Tiefe \u00fcber 6 Stockwerke auf einer Gesamth\u00f6he von 26 Metern erstrecken und hierbei eine BGF von 15.000qm generieren.<\/p>\n<p>Das Geb\u00e4ude, das in seiner Formgebung das Unternehmenslogo aufgreift, besteht aus einem verspiegelten Glask\u00f6rper auf massive Sockel. Der Glask\u00f6rper addiert sich aus zwei versetzt ineinander geschobenen Parallelogrammen in deren Schnittfl\u00e4che analog zum Firmenlogo als zus\u00e4tzliches Highlight eine beleuchtete, rotierende Weltkugel aus Metall ihren prominenten Platz innerhalb des Geb\u00e4udes finden und sich in der Fassade abbilden wird.<\/p>\n<p>Gro\u00dfz\u00fcgige, offen gestaltete B\u00fcrofl\u00e4chen, der Einsatz von gro\u00dfen Glaselementen sowie begr\u00fcnte Innenh\u00f6fe, die von den Mitarbeitern aktiv genutzt werden k\u00f6nnen, sind dabei nur einige Faktoren, die zur Besonderheit des Geb\u00e4udes beitragen.<\/p>\n<p>Nicht zuletzt die schr\u00e4g verlaufenden, signifikanten Auskragungen der S\u00fcd- und Nordfassade formen das extravagante Erscheinungsbild der Firmenzentrale.<\/p>\n<p>Die YUKAtel GmbH schafft mit ihrem Neubau ein innovatives Arbeitsumfeld. Als \u201eActive Office\u201c stellt das Unternehmen den Besch\u00e4ftigten gro\u00dfz\u00fcgige Fl\u00e4chen abseits des B\u00fcroalltags bereit, wie einen Fitnessbereich, eine Food &amp; Chill Area und Relaxfl\u00e4chen.<\/p>\n<p>Erg\u00e4nzt wird das Konzept durch einen Media- und Pr\u00e4sentationsbereich. Hier erhalten Mitarbeiter und interessierte G\u00e4ste einen Einblick in die Firmengeschichte und die Markenvielfalt der YUKAtel GmbH, die das Kerngesch\u00e4ft erg\u00e4nzen.<\/p>\n<p>Herr Mehmet Karatas, Gesch\u00e4ftsf\u00fchrer der YUKAtel GmbH, betont: \u201eDer Neubau erf\u00fcllt h\u00f6chste Standards und bietet derzeitigen und zuk\u00fcnftigen Mitarbeitern optimale Nutzungsm\u00f6glichkeiten an einem hochattraktiven Standort.\u201c<\/p>\n<p><strong>Startschuss zum Bau der neuen Firmenzentrale der YUKAtel GmbH in Dreieich Sprendlingen: <\/strong><\/p>\n<p>Im Rahmen eines symbolischen Spatenstiches wurde jetzt offiziell mit der Realisierung des Projekts begonnen, das f\u00fcr das innovative Unternehmen und seine weitere expansive Entwicklung eine hohe Bedeutung besitzt.<\/p>\n<p>Die Fertigstellung ist f\u00fcr das Jahr 2023 geplant.<\/p>\n<p>\t\t\t\t\t\t\t\t\t\t\t\t<img loading=\"lazy\" decoding=\"async\" width=\"800\" height=\"552\" src=\"https:\/\/yukatel.de\/wp-content\/uploads\/2021\/09\/B_21_031-Landes-Yukatel-01-Central-exterior-1024x706.jpg\" alt=\"\" srcset=\"https:\/\/yukatel.de\/wp-content\/uploads\/2021\/09\/B_21_031-Landes-Yukatel-01-Central-exterior-1024x706.jpg 1024w, https:\/\/yukatel.de\/wp-content\/uploads\/2021\/09\/B_21_031-Landes-Yukatel-01-Central-exterior-300x207.jpg 300w, https:\/\/yukatel.de\/wp-content\/uploads\/2021\/09\/B_21_031-Landes-Yukatel-01-Central-exterior-768x529.jpg 768w, https:\/\/yukatel.de\/wp-content\/uploads\/2021\/09\/B_21_031-Landes-Yukatel-01-Central-exterior-18x12.jpg 18w, https:\/\/yukatel.de\/wp-content\/uploads\/2021\/09\/B_21_031-Landes-Yukatel-01-Central-exterior.jpg 1400w\" sizes=\"auto, (max-width: 800px) 100vw, 800px\" \/>\t\t\t\t\t\t\t\t\t\t\t\t\t\t<\/p>\n<p>Zu diesem feierlichen Anlass kamen am 18.08.21 Vertreter aus Politik, Verwaltung und Planung zusammen, um diesen bedeutsamen Schritt gemeinsam zu begehen.<\/p>\n<p>Anwesend waren neben Herrn Landrat Quilling, Herr B\u00fcrgermeister Burlon, den Bauherren und Gesch\u00e4ftsf\u00fchrern der YUKAtel GmbH Yusuf und Mehmet Karatas auch Peter Matteo von Gross &amp; Partner, Anwar Naamnih und Enrico M\u00fcller von GP Con, Michael Landes mit Team von Landes &amp; Partner Architekten, Markus Dethlefs und Team von ING\u00b2 und Vertreter der Teams von CSZ Ingenieurconsult, <a href=\"https:\/\/www.metallica-fassade.com\/\">Metallica Stahl- und Fassadentechnik und Thor Bau.<\/a><\/p>\n<p>Nach der Begr\u00fc\u00dfung durch Herrn M\u00fcller (Bauleiter GP Con) und eine einleitende Ansprache des YUKAtel Firmengr\u00fcnders und Gesch\u00e4ftsf\u00fchrers Yusuf Karatas, lie\u00dfen es sich Herr Landrat Quilling und Herr B\u00fcrgermeister Burlon nicht nehmen in ihren Reden ihre gro\u00dfe Freude \u00fcber die Standortwahl und die Architektur des Neubaus der Firmenzentrale zum Ausdruck zu bringen.<\/p>\n<p>So bildet f\u00fcr Herrn B\u00fcrgermeister Burlon der beeindruckende Neubau gemeinsam mit dem MHK-Geb\u00e4ude ein herausragendes Ensemble an der n\u00f6rdlichen Stadteinfahrt und Herr Landrat Quilling lobte die Professionalit\u00e4t in der Vorbereitungs- und Planungsphase des Projektes.<\/p>\n<p>Im Anschluss an den offiziellen Spatenstich stand eine gemeinsame Baustellenbegehung an.<\/p>\n<p>Abschlie\u00dfend waren sich alle Beteiligten einig einem gelungenen Startschuss der Bauphase beigewohnt zu haben.<\/p>\n<p>Oder wie es Yusuf Karatas ausdr\u00fcckte: \u201eEs ist nicht nur ein kleines St\u00fcck Erde, das wir heute hier bewegen, es ist der Beginn eines neuen Kapitels unserer Firmengeschichte\u201c.<\/p>\n<p><a href=\"https:\/\/www.pressebox.de\/pressemitteilung\/yukatel-gmbh\/Standortwechsel-nach-20-Jahren-Die-YUKAtel-GmbH-verlegt-ihren-Firmensitz-von-Offenbach-nach-Dreieich-in-markanten-Neubau\/boxid\/1073133\">&gt;&gt; Link zu Pressebox hier<\/a><\/p>","protected":false},"excerpt":{"rendered":"<p>Die YUKAtel GmbH, als ein international agierender Mobilfunk-Gro\u00dfh\u00e4ndler und Anbieter von Hard- und Softwarel\u00f6sungen im Bereich GPS Telematik &amp; M2M\/IoT, hat ihren Sitz bereits seit \u00fcber 20 Jahren am jetzigen Standort in der Merianstr. 23 in Offenbach am Main. Aufgrund des stetig wachsenden Kerngesch\u00e4fts im Mobilfunk-Gro\u00dfhandel, sowie der Einf\u00fchrung diverser Marken in den Bereichen IoT, [&hellip;]<\/p>\n","protected":false},"author":1,"featured_media":14443,"comment_status":"closed","ping_status":"closed","sticky":false,"template":"","format":"standard","meta":{"_monsterinsights_skip_tracking":false,"_monsterinsights_sitenote_active":false,"_monsterinsights_sitenote_note":"","_monsterinsights_sitenote_category":0,"footnotes":""},"categories":[19],"tags":[],"class_list":["post-8146","post","type-post","status-publish","format-standard","has-post-thumbnail","hentry","category-uncategorized"],"_links":{"self":[{"href":"https:\/\/yukatel.de\/ro\/wp-json\/wp\/v2\/posts\/8146","targetHints":{"allow":["GET"]}}],"collection":[{"href":"https:\/\/yukatel.de\/ro\/wp-json\/wp\/v2\/posts"}],"about":[{"href":"https:\/\/yukatel.de\/ro\/wp-json\/wp\/v2\/types\/post"}],"author":[{"embeddable":true,"href":"https:\/\/yukatel.de\/ro\/wp-json\/wp\/v2\/users\/1"}],"replies":[{"embeddable":true,"href":"https:\/\/yukatel.de\/ro\/wp-json\/wp\/v2\/comments?post=8146"}],"version-history":[{"count":0,"href":"https:\/\/yukatel.de\/ro\/wp-json\/wp\/v2\/posts\/8146\/revisions"}],"wp:featuredmedia":[{"embeddable":true,"href":"https:\/\/yukatel.de\/ro\/wp-json\/wp\/v2\/media\/14443"}],"wp:attachment":[{"href":"https:\/\/yukatel.de\/ro\/wp-json\/wp\/v2\/media?parent=8146"}],"wp:term":[{"taxonomy":"category","embeddable":true,"href":"https:\/\/yukatel.de\/ro\/wp-json\/wp\/v2\/categories?post=8146"},{"taxonomy":"post_tag","embeddable":true,"href":"https:\/\/yukatel.de\/ro\/wp-json\/wp\/v2\/tags?post=8146"}],"curies":[{"name":"wp","href":"https:\/\/api.w.org\/{rel}","templated":true}]}}