{"id":1276,"date":"2020-08-30T08:00:38","date_gmt":"2020-08-30T08:00:38","guid":{"rendered":"http:\/\/grandiose-nickel.flywheelsites.com\/?p=1276"},"modified":"2020-08-30T08:00:38","modified_gmt":"2020-08-30T08:00:38","slug":"ceo-yusuf-karatas-im-exklusiven-interview-mit-telecom-handel","status":"publish","type":"post","link":"https:\/\/yukatel.de\/tr\/ceo-yusuf-karatas-im-exklusiven-interview-mit-telecom-handel\/","title":{"rendered":"CEO, Yusuf Karatas im exklusiven Interview mit Telecom Handel"},"content":{"rendered":"<div data-elementor-type=\"wp-post\" data-elementor-id=\"1276\" class=\"elementor elementor-1276\" data-elementor-post-type=\"post\">\n\t\t\t\t\t\t<section class=\"elementor-section elementor-top-section elementor-element elementor-element-54271c8 elementor-section-boxed elementor-section-height-default elementor-section-height-default\" data-id=\"54271c8\" data-element_type=\"section\" data-e-type=\"section\">\n\t\t\t\t\t\t<div class=\"elementor-container elementor-column-gap-default\">\n\t\t\t\t\t<div class=\"elementor-column elementor-col-100 elementor-top-column elementor-element elementor-element-02b9178\" data-id=\"02b9178\" data-element_type=\"column\" data-e-type=\"column\">\n\t\t\t<div class=\"elementor-widget-wrap elementor-element-populated\">\n\t\t\t\t\t\t<div class=\"elementor-element elementor-element-a01c432 elementor-widget elementor-widget-image\" data-id=\"a01c432\" data-element_type=\"widget\" data-e-type=\"widget\" data-widget_type=\"image.default\">\n\t\t\t\t\t\t\t\t\t\t\t\t\t\t\t<img fetchpriority=\"high\" decoding=\"async\" width=\"800\" height=\"450\" src=\"https:\/\/yukatel.de\/wp-content\/uploads\/2020\/08\/Slider-Yusuf-Telecom-Handel-1024x576.jpg\" class=\"attachment-large size-large wp-image-1292\" alt=\"CEO, Yusuf Karatas im exklusiven Interview mit Telecom Handel\" srcset=\"https:\/\/yukatel.de\/wp-content\/uploads\/2020\/08\/Slider-Yusuf-Telecom-Handel-1024x576.jpg 1024w, https:\/\/yukatel.de\/wp-content\/uploads\/2020\/08\/Slider-Yusuf-Telecom-Handel-300x169.jpg 300w, https:\/\/yukatel.de\/wp-content\/uploads\/2020\/08\/Slider-Yusuf-Telecom-Handel-768x432.jpg 768w, https:\/\/yukatel.de\/wp-content\/uploads\/2020\/08\/Slider-Yusuf-Telecom-Handel-1536x864.jpg 1536w, https:\/\/yukatel.de\/wp-content\/uploads\/2020\/08\/Slider-Yusuf-Telecom-Handel.jpg 1600w\" sizes=\"(max-width: 800px) 100vw, 800px\" \/>\t\t\t\t\t\t\t\t\t\t\t\t\t\t\t<\/div>\n\t\t\t\t\t<\/div>\n\t\t<\/div>\n\t\t\t\t\t<\/div>\n\t\t<\/section>\n\t\t\t\t<section class=\"elementor-section elementor-top-section elementor-element elementor-element-e171443 elementor-section-boxed elementor-section-height-default elementor-section-height-default\" data-id=\"e171443\" data-element_type=\"section\" data-e-type=\"section\">\n\t\t\t\t\t\t<div class=\"elementor-container elementor-column-gap-default\">\n\t\t\t\t\t<div class=\"elementor-column elementor-col-100 elementor-top-column elementor-element elementor-element-28c708d2\" data-id=\"28c708d2\" data-element_type=\"column\" data-e-type=\"column\">\n\t\t\t<div class=\"elementor-widget-wrap elementor-element-populated\">\n\t\t\t\t\t\t<div class=\"elementor-element elementor-element-43028fd3 elementor-widget elementor-widget-text-editor\" data-id=\"43028fd3\" data-element_type=\"widget\" data-e-type=\"widget\" data-widget_type=\"text-editor.default\">\n\t\t\t\t\t\t\t\t\t<p><\/p>\n<p>Unser CEO, Yusuf Karatas, sprach in einem exklusiven Interview mit Telecom Handel, Deutschlands f\u00fchrender Fachhandelzeitschrift f\u00fcr die Telekommunikations-Branche. In diesem Interview wurde nicht nur das Yukatel Gesch\u00e4ftsmodell thematisiert, sondern auch wie wir mit der Corona-Krise umgehen und warum wir Namenspartner des t\u00fcrkischen Fu\u00dfball-Erstligisten Yukatel Denizlispor geworden sind.<\/p>\n<p><\/p>\t\t\t\t\t\t\t\t<\/div>\n\t\t\t\t<div class=\"elementor-element elementor-element-76f25ff elementor-widget elementor-widget-text-editor\" data-id=\"76f25ff\" data-element_type=\"widget\" data-e-type=\"widget\" data-widget_type=\"text-editor.default\">\n\t\t\t\t\t\t\t\t\t<h4><em>&#8222;Wir weisen keinen zur\u00fcck, der die Grundbedingungen erf\u00fcllt.&#8220;<\/em><\/h4>\n<p>Yusuf Karatas, CEO Yukatel GmbH<\/p>\t\t\t\t\t\t\t\t<\/div>\n\t\t\t\t<div class=\"elementor-element elementor-element-4eb6db7 elementor-widget elementor-widget-image\" data-id=\"4eb6db7\" data-element_type=\"widget\" data-e-type=\"widget\" data-widget_type=\"image.default\">\n\t\t\t\t\t\t\t\t\t\t\t\t\t\t\t\t<a href=\"https:\/\/yukatel.de\/wp-content\/uploads\/2020\/11\/TH_1820_Gesamt_low-10.pdf\" target=\"_blank\">\n\t\t\t\t\t\t\t<img decoding=\"async\" width=\"751\" height=\"1024\" src=\"https:\/\/yukatel.de\/wp-content\/uploads\/2020\/08\/th-interview-751x1024.png\" class=\"attachment-large size-large wp-image-5788\" alt=\"CEO Yusuf Karatas spricht \u00fcber Yukatel und Gesch\u00e4ftsstrategie in der Corona-Krise. Interview im Telecom Handel Magazin.\" srcset=\"https:\/\/yukatel.de\/wp-content\/uploads\/2020\/08\/th-interview-751x1024.png 751w, https:\/\/yukatel.de\/wp-content\/uploads\/2020\/08\/th-interview-220x300.png 220w, https:\/\/yukatel.de\/wp-content\/uploads\/2020\/08\/th-interview-768x1047.png 768w, https:\/\/yukatel.de\/wp-content\/uploads\/2020\/08\/th-interview-1127x1536.png 1127w, https:\/\/yukatel.de\/wp-content\/uploads\/2020\/08\/th-interview.png 1140w\" sizes=\"(max-width: 751px) 100vw, 751px\" \/>\t\t\t\t\t\t\t\t<\/a>\n\t\t\t\t\t\t\t\t\t\t\t\t\t\t\t<\/div>\n\t\t\t\t\t<\/div>\n\t\t<\/div>\n\t\t\t\t\t<\/div>\n\t\t<\/section>\n\t\t\t\t<section class=\"elementor-section elementor-top-section elementor-element elementor-element-a1fca8f elementor-section-boxed elementor-section-height-default elementor-section-height-default\" data-id=\"a1fca8f\" data-element_type=\"section\" data-e-type=\"section\">\n\t\t\t\t\t\t<div class=\"elementor-container elementor-column-gap-default\">\n\t\t\t\t\t<div class=\"elementor-column elementor-col-100 elementor-top-column elementor-element elementor-element-ccc34be\" data-id=\"ccc34be\" data-element_type=\"column\" data-e-type=\"column\">\n\t\t\t<div class=\"elementor-widget-wrap elementor-element-populated\">\n\t\t\t\t\t\t<div class=\"elementor-element elementor-element-68810c0 elementor-widget elementor-widget-text-editor\" data-id=\"68810c0\" data-element_type=\"widget\" data-e-type=\"widget\" data-widget_type=\"text-editor.default\">\n\t\t\t\t\t\t\t\t\t<p>Den kompletten Artikel k\u00f6nnen Sie als <a href=\"https:\/\/yukatel.de\/wp-content\/uploads\/2020\/11\/TH_1820_Gesamt_low-10.pdf\">PDF downloaden<\/a>.<\/p>\t\t\t\t\t\t\t\t<\/div>\n\t\t\t\t\t<\/div>\n\t\t<\/div>\n\t\t\t\t\t<\/div>\n\t\t<\/section>\n\t\t\t\t<\/div>","protected":false},"excerpt":{"rendered":"<p>Unser CEO, Yusuf Karatas, sprach in einem exklusiven Interview mit Telecom Handel, Deutschlands f\u00fchrender Fachhandelzeitschrift f\u00fcr die Telekommunikations-Branche. <\/p>","protected":false},"author":1,"featured_media":1292,"comment_status":"closed","ping_status":"closed","sticky":false,"template":"","format":"standard","meta":{"_monsterinsights_skip_tracking":false,"_monsterinsights_sitenote_active":false,"_monsterinsights_sitenote_note":"","_monsterinsights_sitenote_category":0,"footnotes":""},"categories":[19],"tags":[],"class_list":["post-1276","post","type-post","status-publish","format-standard","has-post-thumbnail","hentry","category-uncategorized"],"_links":{"self":[{"href":"https:\/\/yukatel.de\/tr\/wp-json\/wp\/v2\/posts\/1276","targetHints":{"allow":["GET"]}}],"collection":[{"href":"https:\/\/yukatel.de\/tr\/wp-json\/wp\/v2\/posts"}],"about":[{"href":"https:\/\/yukatel.de\/tr\/wp-json\/wp\/v2\/types\/post"}],"author":[{"embeddable":true,"href":"https:\/\/yukatel.de\/tr\/wp-json\/wp\/v2\/users\/1"}],"replies":[{"embeddable":true,"href":"https:\/\/yukatel.de\/tr\/wp-json\/wp\/v2\/comments?post=1276"}],"version-history":[{"count":0,"href":"https:\/\/yukatel.de\/tr\/wp-json\/wp\/v2\/posts\/1276\/revisions"}],"wp:featuredmedia":[{"embeddable":true,"href":"https:\/\/yukatel.de\/tr\/wp-json\/wp\/v2\/media\/1292"}],"wp:attachment":[{"href":"https:\/\/yukatel.de\/tr\/wp-json\/wp\/v2\/media?parent=1276"}],"wp:term":[{"taxonomy":"category","embeddable":true,"href":"https:\/\/yukatel.de\/tr\/wp-json\/wp\/v2\/categories?post=1276"},{"taxonomy":"post_tag","embeddable":true,"href":"https:\/\/yukatel.de\/tr\/wp-json\/wp\/v2\/tags?post=1276"}],"curies":[{"name":"wp","href":"https:\/\/api.w.org\/{rel}","templated":true}]}}